{"id":20804,"date":"2023-06-13T15:20:45","date_gmt":"2023-06-13T13:20:45","guid":{"rendered":"https:\/\/gallerymurciano.com\/?p=20804"},"modified":"2023-07-10T12:20:47","modified_gmt":"2023-07-10T10:20:47","slug":"remember-the-future-le-23-juillet-2023","status":"publish","type":"post","link":"https:\/\/gallerymurciano.com\/en\/remember-the-future-le-23-juillet-2023\/","title":{"rendered":"REMEMBER THE FUTURE &#8211; Le 29 Juillet 2023"},"content":{"rendered":"<div class=\"wpb-content-wrapper\" id=\"wpb-content-root\"><div class=\"vc_row wpb_row vc_row-fluid vc_custom_1686662737634\"><div class=\"wpb_column vc_column_container vc_col-sm-12\"><div class=\"vc_column-inner\"><div class=\"wpb_wrapper\">\n\t<div class=\"wpb_text_column wpb_content_element\" >\n\t\t<div class=\"wpb_wrapper\">\n\t\t\t<h1 style=\"text-align: center;\">Remember the future &#8211; La soir\u00e9e \u00e9v\u00e8nement le 29 juillet 2023 \u00e0 20h !<\/h1>\n\n\t\t<\/div>\n\t<\/div>\n\n\t<div class=\"wpb_text_column wpb_content_element\" >\n\t\t<div class=\"wpb_wrapper\">\n\t\t\t\n\t\t<style>\n\t\t\t#gallery-1 {\n\t\t\t\tmargin: auto;\n\t\t\t}\n\t\t\t#gallery-1 .gallery-item {\n\t\t\t\tfloat: left;\n\t\t\t\tmargin-top: 10px;\n\t\t\t\ttext-align: center;\n\t\t\t\twidth: 20%;\n\t\t\t}\n\t\t\t#gallery-1 img {\n\t\t\t\tborder: 2px solid #cfcfcf;\n\t\t\t}\n\t\t\t#gallery-1 .gallery-caption {\n\t\t\t\tmargin-left: 0;\n\t\t\t}\n\t\t\t\/* see gallery_shortcode() in wp-includes\/media.php *\/\n\t\t<\/style>\n\t\t<div id='gallery-1' class='gallery galleryid-20804 gallery-columns-5 gallery-size-medium'><dl class='gallery-item'>\n\t\t\t<dt class='gallery-icon landscape'>\n\t\t\t\t<a href='https:\/\/gallerymurciano.com\/en\/remember-the-future-le-23-juillet-2023\/fashion-show\/'><img decoding=\"async\" width=\"300\" height=\"300\" data-src=\"https:\/\/gallerymurciano.com\/wp-content\/uploads\/2023\/06\/fashion-show-300x300.jpg\" class=\"attachment-medium size-medium lazyload\" alt=\"\" data-srcset=\"https:\/\/gallerymurciano.com\/wp-content\/uploads\/2023\/06\/fashion-show-300x300.jpg 300w, https:\/\/gallerymurciano.com\/wp-content\/uploads\/2023\/06\/fashion-show-430x430.jpg 430w, https:\/\/gallerymurciano.com\/wp-content\/uploads\/2023\/06\/fashion-show-250x250.jpg 250w, https:\/\/gallerymurciano.com\/wp-content\/uploads\/2023\/06\/fashion-show-700x700.jpg 700w, https:\/\/gallerymurciano.com\/wp-content\/uploads\/2023\/06\/fashion-show-150x150.jpg 150w, https:\/\/gallerymurciano.com\/wp-content\/uploads\/2023\/06\/fashion-show-768x768.jpg 768w, https:\/\/gallerymurciano.com\/wp-content\/uploads\/2023\/06\/fashion-show-12x12.jpg 12w, https:\/\/gallerymurciano.com\/wp-content\/uploads\/2023\/06\/fashion-show-120x120.jpg 120w, https:\/\/gallerymurciano.com\/wp-content\/uploads\/2023\/06\/fashion-show-1000x1000.jpg 1000w, https:\/\/gallerymurciano.com\/wp-content\/uploads\/2023\/06\/fashion-show.jpg 1024w\" data-sizes=\"(max-width: 300px) 100vw, 300px\" src=\"data:image\/svg+xml;base64,PHN2ZyB3aWR0aD0iMSIgaGVpZ2h0PSIxIiB4bWxucz0iaHR0cDovL3d3dy53My5vcmcvMjAwMC9zdmciPjwvc3ZnPg==\" style=\"--smush-placeholder-width: 300px; --smush-placeholder-aspect-ratio: 300\/300;\" \/><\/a>\n\t\t\t<\/dt><\/dl><dl class='gallery-item'>\n\t\t\t<dt class='gallery-icon landscape'>\n\t\t\t\t<a href='https:\/\/gallerymurciano.com\/en\/remember-the-future-le-23-juillet-2023\/fashion-show-5\/'><img decoding=\"async\" width=\"300\" height=\"300\" data-src=\"https:\/\/gallerymurciano.com\/wp-content\/uploads\/2023\/06\/fashion-show-5-300x300.jpg\" class=\"attachment-medium size-medium lazyload\" alt=\"\" data-srcset=\"https:\/\/gallerymurciano.com\/wp-content\/uploads\/2023\/06\/fashion-show-5-300x300.jpg 300w, https:\/\/gallerymurciano.com\/wp-content\/uploads\/2023\/06\/fashion-show-5-430x430.jpg 430w, https:\/\/gallerymurciano.com\/wp-content\/uploads\/2023\/06\/fashion-show-5-250x250.jpg 250w, https:\/\/gallerymurciano.com\/wp-content\/uploads\/2023\/06\/fashion-show-5-700x700.jpg 700w, https:\/\/gallerymurciano.com\/wp-content\/uploads\/2023\/06\/fashion-show-5-150x150.jpg 150w, https:\/\/gallerymurciano.com\/wp-content\/uploads\/2023\/06\/fashion-show-5-768x768.jpg 768w, https:\/\/gallerymurciano.com\/wp-content\/uploads\/2023\/06\/fashion-show-5-12x12.jpg 12w, https:\/\/gallerymurciano.com\/wp-content\/uploads\/2023\/06\/fashion-show-5-120x120.jpg 120w, https:\/\/gallerymurciano.com\/wp-content\/uploads\/2023\/06\/fashion-show-5-1000x1000.jpg 1000w, https:\/\/gallerymurciano.com\/wp-content\/uploads\/2023\/06\/fashion-show-5.jpg 1024w\" data-sizes=\"(max-width: 300px) 100vw, 300px\" src=\"data:image\/svg+xml;base64,PHN2ZyB3aWR0aD0iMSIgaGVpZ2h0PSIxIiB4bWxucz0iaHR0cDovL3d3dy53My5vcmcvMjAwMC9zdmciPjwvc3ZnPg==\" style=\"--smush-placeholder-width: 300px; --smush-placeholder-aspect-ratio: 300\/300;\" \/><\/a>\n\t\t\t<\/dt><\/dl><dl class='gallery-item'>\n\t\t\t<dt class='gallery-icon landscape'>\n\t\t\t\t<a href='https:\/\/gallerymurciano.com\/en\/remember-the-future-le-23-juillet-2023\/fashion-show-4\/'><img decoding=\"async\" width=\"300\" height=\"300\" data-src=\"https:\/\/gallerymurciano.com\/wp-content\/uploads\/2023\/06\/fashion-show-4-300x300.jpg\" class=\"attachment-medium size-medium lazyload\" alt=\"\" data-srcset=\"https:\/\/gallerymurciano.com\/wp-content\/uploads\/2023\/06\/fashion-show-4-300x300.jpg 300w, https:\/\/gallerymurciano.com\/wp-content\/uploads\/2023\/06\/fashion-show-4-430x430.jpg 430w, https:\/\/gallerymurciano.com\/wp-content\/uploads\/2023\/06\/fashion-show-4-250x250.jpg 250w, https:\/\/gallerymurciano.com\/wp-content\/uploads\/2023\/06\/fashion-show-4-700x700.jpg 700w, https:\/\/gallerymurciano.com\/wp-content\/uploads\/2023\/06\/fashion-show-4-150x150.jpg 150w, https:\/\/gallerymurciano.com\/wp-content\/uploads\/2023\/06\/fashion-show-4-768x768.jpg 768w, https:\/\/gallerymurciano.com\/wp-content\/uploads\/2023\/06\/fashion-show-4-12x12.jpg 12w, https:\/\/gallerymurciano.com\/wp-content\/uploads\/2023\/06\/fashion-show-4-120x120.jpg 120w, https:\/\/gallerymurciano.com\/wp-content\/uploads\/2023\/06\/fashion-show-4-1000x1000.jpg 1000w, https:\/\/gallerymurciano.com\/wp-content\/uploads\/2023\/06\/fashion-show-4.jpg 1024w\" data-sizes=\"(max-width: 300px) 100vw, 300px\" src=\"data:image\/svg+xml;base64,PHN2ZyB3aWR0aD0iMSIgaGVpZ2h0PSIxIiB4bWxucz0iaHR0cDovL3d3dy53My5vcmcvMjAwMC9zdmciPjwvc3ZnPg==\" style=\"--smush-placeholder-width: 300px; --smush-placeholder-aspect-ratio: 300\/300;\" \/><\/a>\n\t\t\t<\/dt><\/dl><dl class='gallery-item'>\n\t\t\t<dt class='gallery-icon landscape'>\n\t\t\t\t<a href='https:\/\/gallerymurciano.com\/en\/remember-the-future-le-23-juillet-2023\/fashion-show-3\/'><img decoding=\"async\" width=\"300\" height=\"300\" data-src=\"https:\/\/gallerymurciano.com\/wp-content\/uploads\/2023\/06\/fashion-show-3-300x300.jpg\" class=\"attachment-medium size-medium lazyload\" alt=\"\" data-srcset=\"https:\/\/gallerymurciano.com\/wp-content\/uploads\/2023\/06\/fashion-show-3-300x300.jpg 300w, https:\/\/gallerymurciano.com\/wp-content\/uploads\/2023\/06\/fashion-show-3-430x430.jpg 430w, https:\/\/gallerymurciano.com\/wp-content\/uploads\/2023\/06\/fashion-show-3-250x250.jpg 250w, https:\/\/gallerymurciano.com\/wp-content\/uploads\/2023\/06\/fashion-show-3-700x700.jpg 700w, https:\/\/gallerymurciano.com\/wp-content\/uploads\/2023\/06\/fashion-show-3-150x150.jpg 150w, https:\/\/gallerymurciano.com\/wp-content\/uploads\/2023\/06\/fashion-show-3-768x768.jpg 768w, https:\/\/gallerymurciano.com\/wp-content\/uploads\/2023\/06\/fashion-show-3-12x12.jpg 12w, https:\/\/gallerymurciano.com\/wp-content\/uploads\/2023\/06\/fashion-show-3-120x120.jpg 120w, https:\/\/gallerymurciano.com\/wp-content\/uploads\/2023\/06\/fashion-show-3-1000x1000.jpg 1000w, https:\/\/gallerymurciano.com\/wp-content\/uploads\/2023\/06\/fashion-show-3.jpg 1024w\" data-sizes=\"(max-width: 300px) 100vw, 300px\" src=\"data:image\/svg+xml;base64,PHN2ZyB3aWR0aD0iMSIgaGVpZ2h0PSIxIiB4bWxucz0iaHR0cDovL3d3dy53My5vcmcvMjAwMC9zdmciPjwvc3ZnPg==\" style=\"--smush-placeholder-width: 300px; --smush-placeholder-aspect-ratio: 300\/300;\" \/><\/a>\n\t\t\t<\/dt><\/dl><dl class='gallery-item'>\n\t\t\t<dt class='gallery-icon landscape'>\n\t\t\t\t<a href='https:\/\/gallerymurciano.com\/en\/remember-the-future-le-23-juillet-2023\/fashion-show-2\/'><img decoding=\"async\" width=\"300\" height=\"300\" data-src=\"https:\/\/gallerymurciano.com\/wp-content\/uploads\/2023\/06\/fashion-show-2-300x300.jpg\" class=\"attachment-medium size-medium lazyload\" alt=\"\" data-srcset=\"https:\/\/gallerymurciano.com\/wp-content\/uploads\/2023\/06\/fashion-show-2-300x300.jpg 300w, https:\/\/gallerymurciano.com\/wp-content\/uploads\/2023\/06\/fashion-show-2-430x430.jpg 430w, https:\/\/gallerymurciano.com\/wp-content\/uploads\/2023\/06\/fashion-show-2-250x250.jpg 250w, https:\/\/gallerymurciano.com\/wp-content\/uploads\/2023\/06\/fashion-show-2-700x700.jpg 700w, https:\/\/gallerymurciano.com\/wp-content\/uploads\/2023\/06\/fashion-show-2-150x150.jpg 150w, https:\/\/gallerymurciano.com\/wp-content\/uploads\/2023\/06\/fashion-show-2-768x768.jpg 768w, https:\/\/gallerymurciano.com\/wp-content\/uploads\/2023\/06\/fashion-show-2-12x12.jpg 12w, https:\/\/gallerymurciano.com\/wp-content\/uploads\/2023\/06\/fashion-show-2-120x120.jpg 120w, https:\/\/gallerymurciano.com\/wp-content\/uploads\/2023\/06\/fashion-show-2-1000x1000.jpg 1000w, https:\/\/gallerymurciano.com\/wp-content\/uploads\/2023\/06\/fashion-show-2.jpg 1024w\" data-sizes=\"(max-width: 300px) 100vw, 300px\" src=\"data:image\/svg+xml;base64,PHN2ZyB3aWR0aD0iMSIgaGVpZ2h0PSIxIiB4bWxucz0iaHR0cDovL3d3dy53My5vcmcvMjAwMC9zdmciPjwvc3ZnPg==\" style=\"--smush-placeholder-width: 300px; --smush-placeholder-aspect-ratio: 300\/300;\" \/><\/a>\n\t\t\t<\/dt><\/dl><br style=\"clear: both\" \/>\n\t\t<\/div>\n\n\n\t\t<\/div>\n\t<\/div>\n<\/div><\/div><\/div><\/div><div class=\"vc_row wpb_row vc_row-fluid\"><div class=\"wpb_column vc_column_container vc_col-sm-6\"><div class=\"vc_column-inner\"><div class=\"wpb_wrapper\">\n\t<div class=\"wpb_text_column wpb_content_element\" >\n\t\t<div class=\"wpb_wrapper\">\n\t\t\t<p>L\u2019 artiste peintre montpelli\u00e9rain, Patrice MURCIANO, vous convie \u00e0 une soir\u00e9e d&#8217;exception au profit de la fondation &#8220;Nelson Mandela Children&#8217;s Fund&#8221;.<\/p>\n<ul>\n<li><strong>Exposition de peintures<\/strong> : D\u00e9couvrez une collection unique des \u0153uvres originales de Patrice MURCIANO. Son style expressif et audacieux vous transportera dans un univers artistique fascinant.<\/li>\n<li><strong>D\u00e9fil\u00e9 de mode<\/strong> : L&#8217;art et la mode se rencontrent lors de ce d\u00e9fil\u00e9 mettant en valeur les cr\u00e9ations uniques de Patrice MURCIANO. Soyez t\u00e9moin d&#8217;une fusion inspirante entre deux formes d&#8217;expression artistique.<\/li>\n<\/ul>\n<p>En participant \u00e0 cette soir\u00e9e d&#8217;exception, vous soutenez activement la fondation &#8220;Nelson Mandela Children&#8217;s Fund&#8221; qui \u0153uvre pour le bien-\u00eatre des enfants d\u00e9favoris\u00e9s et promeut l&#8217;\u00e9ducation.<\/p>\n<p><strong>Informations pratiques :<\/strong><\/p>\n<ul>\n<li><strong>Date<\/strong> : 29 juillet 2023<\/li>\n<li><strong>Heure<\/strong> : \u00c0 partir de 19h<\/li>\n<li><strong>Lieu<\/strong> : Ch\u00e2teau du Terral, Saint-Jean-de-V\u00e9das<\/li>\n<\/ul>\n<p>L\u2019entr\u00e9e est libre mais les places sont limit\u00e9es. Restez inform\u00e9(e) en consultant r\u00e9guli\u00e8rement notre site web et en suivant Patrice MURCIANO sur les r\u00e9seaux sociaux.<\/p>\n<p>Pour toute demande de presse ou de renseignements suppl\u00e9mentaires, veuillez contacter H\u00e9l\u00e8ne Letang, responsable des relations publiques, \u00e0 l&#8217;adresse <a href=\"mailto:relations@patricemurciano.art\">relations@patricemurciano.art<\/a>.<\/p>\n\n\t\t<\/div>\n\t<\/div>\n<\/div><\/div><\/div><div class=\"wpb_column vc_column_container vc_col-sm-6\"><div class=\"vc_column-inner\"><div class=\"wpb_wrapper\">\n\t<div class=\"wpb_text_column wpb_content_element\" >\n\t\t<div class=\"wpb_wrapper\">\n\t\t\t<p>Ne manquez pas cette soir\u00e9e exceptionnelle alliant art, mode et philanthropie.<\/p>\n<h3>Rejoignez-nous le 29 juillet 2023 au Ch\u00e2teau du Terral pour soutenir la fondation &#8220;Nelson Mandela Children&#8217;s Fund&#8221; tout en c\u00e9l\u00e9brant le talent et la cr\u00e9ativit\u00e9 de Patrice MURCIANO.<\/h3>\n<p>Soyez pr\u00eat(e) \u00e0 vivre une exp\u00e9rience artistique inoubliable !<\/p>\n\n\t\t<\/div>\n\t<\/div>\n\n\t<div class=\"wpb_text_column wpb_content_element\" >\n\t\t<div class=\"wpb_wrapper\">\n\t\t\t<p><strong>\u00c0 propos de Patrice MURCIANO :<\/strong><\/p>\n<p>Patrice MURCIANO est un artiste peintre montpelli\u00e9rain de renomm\u00e9e internationale. Son style unique et vibrant, combinant la peinture \u00e0 l&#8217;huile, l&#8217;acrylique et les techniques mixtes, a conquis de nombreux amateurs d&#8217;art \u00e0 travers le monde. Ses \u0153uvres sont expos\u00e9es dans des galeries prestigieuses et font partie de collections priv\u00e9es et publiques.<\/p>\n\n\t\t<\/div>\n\t<\/div>\n<\/div><\/div><\/div><\/div><div class=\"vc_row wpb_row vc_row-fluid\"><div class=\"wpb_column vc_column_container vc_col-sm-12\"><div class=\"vc_column-inner\"><div class=\"wpb_wrapper\">\n\t<div class=\"wpb_text_column wpb_content_element\" >\n\t\t<div class=\"wpb_wrapper\">\n\t\t\t<p>A cette occasion Patrice MURCIANO met aux ench\u00e8res une toile originale de Nelson MANDELA.<\/p>\n<h3><strong>Cette ench\u00e8res sera au profit de la fondation \u201cNelson Mandela Children\u2019s Fund\u201d.<\/strong><\/h3>\n\n\t\t<\/div>\n\t<\/div>\n<div class=\"vc_row wpb_row vc_inner vc_row-fluid\"><div class=\"wpb_column vc_column_container vc_col-sm-12\"><div class=\"vc_column-inner\"><div class=\"wpb_wrapper\"><div class=\"woocommerce\"><\/div><\/div><\/div><\/div><\/div><\/div><\/div><\/div><\/div>\n<\/div>","protected":false},"excerpt":{"rendered":"Remember the future - La soir\u00e9e \u00e9v\u00e8nement le 29 juillet 2023 \u00e0 20h ! L\u2019 artiste peintre montpelli\u00e9rain, Patrice MURCIANO,","protected":false},"author":1,"featured_media":20431,"comment_status":"closed","ping_status":"closed","sticky":false,"template":"","format":"standard","meta":{"_acf_changed":false,"footnotes":"","_members_access_role":[],"_members_access_error":""},"categories":[153,124],"tags":[],"class_list":["post-20804","post","type-post","status-publish","format-standard","has-post-thumbnail","hentry","category-actus","category-evenements"],"acf":[],"yoast_head":"<!-- This site is optimized with the Yoast SEO plugin v28.4 - https:\/\/yoast.com\/product\/yoast-seo-wordpress\/ -->\n<title>REMEMBER THE FUTURE - Le 29 Juillet 2023 -<\/title>\n<meta name=\"description\" content=\"Remermber the future - La soir\u00e9e \u00e9v\u00e8nement - Le 29 juillet 2023 - Une toile originale de Nelson Mandela aux ench\u00e8res.\" \/>\n<meta name=\"robots\" content=\"index, follow, max-snippet:-1, max-image-preview:large, max-video-preview:-1\" \/>\n<link rel=\"canonical\" href=\"https:\/\/gallerymurciano.com\/en\/remember-the-future-le-23-juillet-2023\/\" \/>\n<meta property=\"og:locale\" content=\"en_GB\" \/>\n<meta property=\"og:type\" content=\"article\" \/>\n<meta property=\"og:title\" content=\"REMEMBER THE FUTURE - Le 29 Juillet 2023 -\" \/>\n<meta property=\"og:description\" content=\"Remermber the future - La soir\u00e9e \u00e9v\u00e8nement - Le 29 juillet 2023 - Une toile originale de Nelson Mandela aux ench\u00e8res.\" \/>\n<meta property=\"og:url\" content=\"https:\/\/gallerymurciano.com\/en\/remember-the-future-le-23-juillet-2023\/\" \/>\n<meta property=\"og:site_name\" content=\"Galerie d\u2019Art Murciano - Montpellier\" \/>\n<meta property=\"article:published_time\" content=\"2023-06-13T13:20:45+00:00\" \/>\n<meta property=\"article:modified_time\" content=\"2023-07-10T10:20:47+00:00\" \/>\n<meta property=\"og:image\" content=\"https:\/\/gallerymurciano.com\/wp-content\/uploads\/2023\/06\/Nelson-Mandela.jpg\" \/>\n\t<meta property=\"og:image:width\" content=\"1000\" \/>\n\t<meta property=\"og:image:height\" content=\"1000\" \/>\n\t<meta property=\"og:image:type\" content=\"image\/jpeg\" \/>\n<meta name=\"author\" content=\"David\" \/>\n<meta name=\"twitter:card\" content=\"summary_large_image\" \/>\n<meta name=\"twitter:label1\" content=\"Written by\" \/>\n\t<meta name=\"twitter:data1\" content=\"David\" \/>\n\t<meta name=\"twitter:label2\" content=\"Estimated reading time\" \/>\n\t<meta name=\"twitter:data2\" content=\"2 minutes\" \/>\n<script type=\"application\/ld+json\" class=\"yoast-schema-graph\">{\"@context\":\"https:\\\/\\\/schema.org\",\"@graph\":[{\"@type\":\"Article\",\"@id\":\"https:\\\/\\\/gallerymurciano.com\\\/remember-the-future-le-23-juillet-2023\\\/#article\",\"isPartOf\":{\"@id\":\"https:\\\/\\\/gallerymurciano.com\\\/remember-the-future-le-23-juillet-2023\\\/\"},\"author\":{\"name\":\"David\",\"@id\":\"https:\\\/\\\/gallerymurciano.com\\\/#\\\/schema\\\/person\\\/ed9bc4813dc5ffdf31d29baceaec772e\"},\"headline\":\"REMEMBER THE FUTURE &#8211; Le 29 Juillet 2023\",\"datePublished\":\"2023-06-13T13:20:45+00:00\",\"dateModified\":\"2023-07-10T10:20:47+00:00\",\"mainEntityOfPage\":{\"@id\":\"https:\\\/\\\/gallerymurciano.com\\\/remember-the-future-le-23-juillet-2023\\\/\"},\"wordCount\":448,\"publisher\":{\"@id\":\"https:\\\/\\\/gallerymurciano.com\\\/#organization\"},\"image\":{\"@id\":\"https:\\\/\\\/gallerymurciano.com\\\/remember-the-future-le-23-juillet-2023\\\/#primaryimage\"},\"thumbnailUrl\":\"https:\\\/\\\/gallerymurciano.com\\\/wp-content\\\/uploads\\\/2023\\\/06\\\/Nelson-Mandela.jpg\",\"articleSection\":[\"Actus\",\"Ev\u00e8nements\"],\"inLanguage\":\"en-GB\"},{\"@type\":\"WebPage\",\"@id\":\"https:\\\/\\\/gallerymurciano.com\\\/remember-the-future-le-23-juillet-2023\\\/\",\"url\":\"https:\\\/\\\/gallerymurciano.com\\\/remember-the-future-le-23-juillet-2023\\\/\",\"name\":\"REMEMBER THE FUTURE - Le 29 Juillet 2023 -\",\"isPartOf\":{\"@id\":\"https:\\\/\\\/gallerymurciano.com\\\/#website\"},\"primaryImageOfPage\":{\"@id\":\"https:\\\/\\\/gallerymurciano.com\\\/remember-the-future-le-23-juillet-2023\\\/#primaryimage\"},\"image\":{\"@id\":\"https:\\\/\\\/gallerymurciano.com\\\/remember-the-future-le-23-juillet-2023\\\/#primaryimage\"},\"thumbnailUrl\":\"https:\\\/\\\/gallerymurciano.com\\\/wp-content\\\/uploads\\\/2023\\\/06\\\/Nelson-Mandela.jpg\",\"datePublished\":\"2023-06-13T13:20:45+00:00\",\"dateModified\":\"2023-07-10T10:20:47+00:00\",\"description\":\"Remermber the future - La soir\u00e9e \u00e9v\u00e8nement - Le 29 juillet 2023 - Une toile originale de Nelson Mandela aux ench\u00e8res.\",\"breadcrumb\":{\"@id\":\"https:\\\/\\\/gallerymurciano.com\\\/remember-the-future-le-23-juillet-2023\\\/#breadcrumb\"},\"inLanguage\":\"en-GB\",\"potentialAction\":[{\"@type\":\"ReadAction\",\"target\":[\"https:\\\/\\\/gallerymurciano.com\\\/remember-the-future-le-23-juillet-2023\\\/\"]}]},{\"@type\":\"ImageObject\",\"inLanguage\":\"en-GB\",\"@id\":\"https:\\\/\\\/gallerymurciano.com\\\/remember-the-future-le-23-juillet-2023\\\/#primaryimage\",\"url\":\"https:\\\/\\\/gallerymurciano.com\\\/wp-content\\\/uploads\\\/2023\\\/06\\\/Nelson-Mandela.jpg\",\"contentUrl\":\"https:\\\/\\\/gallerymurciano.com\\\/wp-content\\\/uploads\\\/2023\\\/06\\\/Nelson-Mandela.jpg\",\"width\":1000,\"height\":1000,\"caption\":\"toile peinture Nelson Mandela aux ench\u00e8res\"},{\"@type\":\"BreadcrumbList\",\"@id\":\"https:\\\/\\\/gallerymurciano.com\\\/remember-the-future-le-23-juillet-2023\\\/#breadcrumb\",\"itemListElement\":[{\"@type\":\"ListItem\",\"position\":1,\"name\":\"Accueil\",\"item\":\"https:\\\/\\\/gallerymurciano.com\\\/\"},{\"@type\":\"ListItem\",\"position\":2,\"name\":\"REMEMBER THE FUTURE &#8211; Le 29 Juillet 2023\"}]},{\"@type\":\"WebSite\",\"@id\":\"https:\\\/\\\/gallerymurciano.com\\\/#website\",\"url\":\"https:\\\/\\\/gallerymurciano.com\\\/\",\"name\":\"Galerie d\u2019Art Murciano - Montpellier\",\"description\":\"Oeuvres d&#039;art et tableaux pop culture\",\"publisher\":{\"@id\":\"https:\\\/\\\/gallerymurciano.com\\\/#organization\"},\"potentialAction\":[{\"@type\":\"SearchAction\",\"target\":{\"@type\":\"EntryPoint\",\"urlTemplate\":\"https:\\\/\\\/gallerymurciano.com\\\/?s={search_term_string}\"},\"query-input\":{\"@type\":\"PropertyValueSpecification\",\"valueRequired\":true,\"valueName\":\"search_term_string\"}}],\"inLanguage\":\"en-GB\"},{\"@type\":\"Organization\",\"@id\":\"https:\\\/\\\/gallerymurciano.com\\\/#organization\",\"name\":\"PATRICE MURCIANO\",\"url\":\"https:\\\/\\\/gallerymurciano.com\\\/\",\"logo\":{\"@type\":\"ImageObject\",\"inLanguage\":\"en-GB\",\"@id\":\"https:\\\/\\\/gallerymurciano.com\\\/#\\\/schema\\\/logo\\\/image\\\/\",\"url\":\"https:\\\/\\\/gallerymurciano.com\\\/wp-content\\\/uploads\\\/2026\\\/09\\\/logo-murciano-carre-google.png\",\"contentUrl\":\"https:\\\/\\\/gallerymurciano.com\\\/wp-content\\\/uploads\\\/2026\\\/09\\\/logo-murciano-carre-google.png\",\"width\":1000,\"height\":1000,\"caption\":\"PATRICE MURCIANO\"},\"image\":{\"@id\":\"https:\\\/\\\/gallerymurciano.com\\\/#\\\/schema\\\/logo\\\/image\\\/\"}},{\"@type\":\"Person\",\"@id\":\"https:\\\/\\\/gallerymurciano.com\\\/#\\\/schema\\\/person\\\/ed9bc4813dc5ffdf31d29baceaec772e\",\"name\":\"David\",\"image\":{\"@type\":\"ImageObject\",\"inLanguage\":\"en-GB\",\"@id\":\"https:\\\/\\\/secure.gravatar.com\\\/avatar\\\/09e6a9d5dbebdd86a3927e27853055dec3329eb99493b4ba5859847e899104b5?s=96&d=mm&r=g\",\"url\":\"https:\\\/\\\/secure.gravatar.com\\\/avatar\\\/09e6a9d5dbebdd86a3927e27853055dec3329eb99493b4ba5859847e899104b5?s=96&d=mm&r=g\",\"contentUrl\":\"https:\\\/\\\/secure.gravatar.com\\\/avatar\\\/09e6a9d5dbebdd86a3927e27853055dec3329eb99493b4ba5859847e899104b5?s=96&d=mm&r=g\",\"caption\":\"David\"},\"sameAs\":[\"http:\\\/\\\/gallerymurciano.com\"],\"url\":\"https:\\\/\\\/gallerymurciano.com\\\/en\"}]}<\/script>\n<!-- \/ Yoast SEO plugin. -->","yoast_head_json":{"title":"REMEMBER THE FUTURE - Le 29 Juillet 2023 -","description":"Remermber the future - La soir\u00e9e \u00e9v\u00e8nement - Le 29 juillet 2023 - Une toile originale de Nelson Mandela aux ench\u00e8res.","robots":{"index":"index","follow":"follow","max-snippet":"max-snippet:-1","max-image-preview":"max-image-preview:large","max-video-preview":"max-video-preview:-1"},"canonical":"https:\/\/gallerymurciano.com\/en\/remember-the-future-le-23-juillet-2023\/","og_locale":"en_GB","og_type":"article","og_title":"REMEMBER THE FUTURE - Le 29 Juillet 2023 -","og_description":"Remermber the future - La soir\u00e9e \u00e9v\u00e8nement - Le 29 juillet 2023 - Une toile originale de Nelson Mandela aux ench\u00e8res.","og_url":"https:\/\/gallerymurciano.com\/en\/remember-the-future-le-23-juillet-2023\/","og_site_name":"Galerie d\u2019Art Murciano - Montpellier","article_published_time":"2023-06-13T13:20:45+00:00","article_modified_time":"2023-07-10T10:20:47+00:00","og_image":[{"width":1000,"height":1000,"url":"https:\/\/gallerymurciano.com\/wp-content\/uploads\/2023\/06\/Nelson-Mandela.jpg","type":"image\/jpeg"}],"author":"David","twitter_card":"summary_large_image","twitter_misc":{"Written by":"David","Estimated reading time":"2 minutes"},"schema":{"@context":"https:\/\/schema.org","@graph":[{"@type":"Article","@id":"https:\/\/gallerymurciano.com\/remember-the-future-le-23-juillet-2023\/#article","isPartOf":{"@id":"https:\/\/gallerymurciano.com\/remember-the-future-le-23-juillet-2023\/"},"author":{"name":"David","@id":"https:\/\/gallerymurciano.com\/#\/schema\/person\/ed9bc4813dc5ffdf31d29baceaec772e"},"headline":"REMEMBER THE FUTURE &#8211; Le 29 Juillet 2023","datePublished":"2023-06-13T13:20:45+00:00","dateModified":"2023-07-10T10:20:47+00:00","mainEntityOfPage":{"@id":"https:\/\/gallerymurciano.com\/remember-the-future-le-23-juillet-2023\/"},"wordCount":448,"publisher":{"@id":"https:\/\/gallerymurciano.com\/#organization"},"image":{"@id":"https:\/\/gallerymurciano.com\/remember-the-future-le-23-juillet-2023\/#primaryimage"},"thumbnailUrl":"https:\/\/gallerymurciano.com\/wp-content\/uploads\/2023\/06\/Nelson-Mandela.jpg","articleSection":["Actus","Ev\u00e8nements"],"inLanguage":"en-GB"},{"@type":"WebPage","@id":"https:\/\/gallerymurciano.com\/remember-the-future-le-23-juillet-2023\/","url":"https:\/\/gallerymurciano.com\/remember-the-future-le-23-juillet-2023\/","name":"REMEMBER THE FUTURE - Le 29 Juillet 2023 -","isPartOf":{"@id":"https:\/\/gallerymurciano.com\/#website"},"primaryImageOfPage":{"@id":"https:\/\/gallerymurciano.com\/remember-the-future-le-23-juillet-2023\/#primaryimage"},"image":{"@id":"https:\/\/gallerymurciano.com\/remember-the-future-le-23-juillet-2023\/#primaryimage"},"thumbnailUrl":"https:\/\/gallerymurciano.com\/wp-content\/uploads\/2023\/06\/Nelson-Mandela.jpg","datePublished":"2023-06-13T13:20:45+00:00","dateModified":"2023-07-10T10:20:47+00:00","description":"Remermber the future - La soir\u00e9e \u00e9v\u00e8nement - Le 29 juillet 2023 - Une toile originale de Nelson Mandela aux ench\u00e8res.","breadcrumb":{"@id":"https:\/\/gallerymurciano.com\/remember-the-future-le-23-juillet-2023\/#breadcrumb"},"inLanguage":"en-GB","potentialAction":[{"@type":"ReadAction","target":["https:\/\/gallerymurciano.com\/remember-the-future-le-23-juillet-2023\/"]}]},{"@type":"ImageObject","inLanguage":"en-GB","@id":"https:\/\/gallerymurciano.com\/remember-the-future-le-23-juillet-2023\/#primaryimage","url":"https:\/\/gallerymurciano.com\/wp-content\/uploads\/2023\/06\/Nelson-Mandela.jpg","contentUrl":"https:\/\/gallerymurciano.com\/wp-content\/uploads\/2023\/06\/Nelson-Mandela.jpg","width":1000,"height":1000,"caption":"toile peinture Nelson Mandela aux ench\u00e8res"},{"@type":"BreadcrumbList","@id":"https:\/\/gallerymurciano.com\/remember-the-future-le-23-juillet-2023\/#breadcrumb","itemListElement":[{"@type":"ListItem","position":1,"name":"Accueil","item":"https:\/\/gallerymurciano.com\/"},{"@type":"ListItem","position":2,"name":"REMEMBER THE FUTURE &#8211; Le 29 Juillet 2023"}]},{"@type":"WebSite","@id":"https:\/\/gallerymurciano.com\/#website","url":"https:\/\/gallerymurciano.com\/","name":"Galerie d\u2019Art Murciano - Montpellier","description":"Oeuvres d&#039;art et tableaux pop culture","publisher":{"@id":"https:\/\/gallerymurciano.com\/#organization"},"potentialAction":[{"@type":"SearchAction","target":{"@type":"EntryPoint","urlTemplate":"https:\/\/gallerymurciano.com\/?s={search_term_string}"},"query-input":{"@type":"PropertyValueSpecification","valueRequired":true,"valueName":"search_term_string"}}],"inLanguage":"en-GB"},{"@type":"Organization","@id":"https:\/\/gallerymurciano.com\/#organization","name":"PATRICE MURCIANO","url":"https:\/\/gallerymurciano.com\/","logo":{"@type":"ImageObject","inLanguage":"en-GB","@id":"https:\/\/gallerymurciano.com\/#\/schema\/logo\/image\/","url":"https:\/\/gallerymurciano.com\/wp-content\/uploads\/2026\/09\/logo-murciano-carre-google.png","contentUrl":"https:\/\/gallerymurciano.com\/wp-content\/uploads\/2026\/09\/logo-murciano-carre-google.png","width":1000,"height":1000,"caption":"PATRICE MURCIANO"},"image":{"@id":"https:\/\/gallerymurciano.com\/#\/schema\/logo\/image\/"}},{"@type":"Person","@id":"https:\/\/gallerymurciano.com\/#\/schema\/person\/ed9bc4813dc5ffdf31d29baceaec772e","name":"David","image":{"@type":"ImageObject","inLanguage":"en-GB","@id":"https:\/\/secure.gravatar.com\/avatar\/09e6a9d5dbebdd86a3927e27853055dec3329eb99493b4ba5859847e899104b5?s=96&d=mm&r=g","url":"https:\/\/secure.gravatar.com\/avatar\/09e6a9d5dbebdd86a3927e27853055dec3329eb99493b4ba5859847e899104b5?s=96&d=mm&r=g","contentUrl":"https:\/\/secure.gravatar.com\/avatar\/09e6a9d5dbebdd86a3927e27853055dec3329eb99493b4ba5859847e899104b5?s=96&d=mm&r=g","caption":"David"},"sameAs":["https:\/\/gallerymurciano.com"],"url":"https:\/\/gallerymurciano.com\/en"}]}},"_links":{"self":[{"href":"https:\/\/gallerymurciano.com\/en\/wp-json\/wp\/v2\/posts\/20804","targetHints":{"allow":["GET"]}}],"collection":[{"href":"https:\/\/gallerymurciano.com\/en\/wp-json\/wp\/v2\/posts"}],"about":[{"href":"https:\/\/gallerymurciano.com\/en\/wp-json\/wp\/v2\/types\/post"}],"author":[{"embeddable":true,"href":"https:\/\/gallerymurciano.com\/en\/wp-json\/wp\/v2\/users\/1"}],"replies":[{"embeddable":true,"href":"https:\/\/gallerymurciano.com\/en\/wp-json\/wp\/v2\/comments?post=20804"}],"version-history":[{"count":0,"href":"https:\/\/gallerymurciano.com\/en\/wp-json\/wp\/v2\/posts\/20804\/revisions"}],"wp:featuredmedia":[{"embeddable":true,"href":"https:\/\/gallerymurciano.com\/en\/wp-json\/wp\/v2\/media\/20431"}],"wp:attachment":[{"href":"https:\/\/gallerymurciano.com\/en\/wp-json\/wp\/v2\/media?parent=20804"}],"wp:term":[{"taxonomy":"category","embeddable":true,"href":"https:\/\/gallerymurciano.com\/en\/wp-json\/wp\/v2\/categories?post=20804"},{"taxonomy":"post_tag","embeddable":true,"href":"https:\/\/gallerymurciano.com\/en\/wp-json\/wp\/v2\/tags?post=20804"}],"curies":[{"name":"wp","href":"https:\/\/api.w.org\/{rel}","templated":true}]}}