{"id":73018,"date":"2024-10-07T11:27:11","date_gmt":"2024-10-07T09:27:11","guid":{"rendered":"https:\/\/gallerymurciano.com\/?p=73018"},"modified":"2024-10-07T11:28:21","modified_gmt":"2024-10-07T09:28:21","slug":"grace-kelly-et-le-prince-rainier","status":"publish","type":"post","link":"https:\/\/gallerymurciano.com\/en\/grace-kelly-et-le-prince-rainier\/","title":{"rendered":"Gr\u00e2ce Kelly et le Prince Rainier"},"content":{"rendered":"<div class=\"wpb-content-wrapper\" id=\"wpb-content-root\"><div class=\"vc_row wpb_row vc_row-fluid vc_row-o-equal-height vc_row-o-content-middle vc_row-flex\"><div class=\"wpb_column vc_column_container vc_col-sm-6\"><div class=\"vc_column-inner\"><div class=\"wpb_wrapper\">\n\t<div class=\"wpb_text_column wpb_content_element\" >\n\t\t<div class=\"wpb_wrapper\">\n\t\t\t<h1 style=\"text-align: center;\">Portrait Gr\u00e2ce Kelly et le Prince Rainier<\/h1>\n\n\t\t<\/div>\n\t<\/div>\n\n\t<div class=\"wpb_text_column wpb_content_element wpb_animate_when_almost_visible wpb_fadeInLeft fadeInLeft\" >\n\t\t<div class=\"wpb_wrapper\">\n\t\t\t<p>Remise d\u2019une \u0153uvre en gribouillisme de <strong>Gr\u00e2ce Kelly et du Prince Rainier<\/strong> \u00e0 la princesse Caroline de Monaco dans le cadre du 50eme anniversaire du 17eme rgp de Montauban.\u00a0\ud83d\udc51\ud83c\udfa8<\/p>\n\n\t\t<\/div>\n\t<\/div>\n<\/div><\/div><\/div><div class=\"wpb_column vc_column_container vc_col-sm-6\"><div class=\"vc_column-inner\"><div class=\"wpb_wrapper\">\n\t<div  class=\"wpb_single_image wpb_content_element vc_align_center\">\n\t\t\n\t\t<figure class=\"wpb_wrapper vc_figure\">\n\t\t\t<div class=\"vc_single_image-wrapper\"><img decoding=\"async\" data-vc-zoom=\"https:\/\/gallerymurciano.com\/wp-content\/uploads\/2024\/10\/portrait-Grace-Kelly-Prince-Rainier-830x1024.jpg\" width=\"972\" height=\"1200\" data-src=\"https:\/\/gallerymurciano.com\/wp-content\/uploads\/2024\/10\/portrait-Grace-Kelly-Prince-Rainier-scaled.jpg\" class=\"vc_single_image-img attachment-full lazyload\" alt=\"Gr\u00e2ce Kelly et du Prince Rainier\" title=\"portrait Gr\u00e2ce Kelly Prince Rainier\" data-srcset=\"https:\/\/gallerymurciano.com\/wp-content\/uploads\/2024\/10\/portrait-Grace-Kelly-Prince-Rainier-scaled.jpg 972w, https:\/\/gallerymurciano.com\/wp-content\/uploads\/2024\/10\/portrait-Grace-Kelly-Prince-Rainier-scaled-430x531.jpg 430w, https:\/\/gallerymurciano.com\/wp-content\/uploads\/2024\/10\/portrait-Grace-Kelly-Prince-Rainier-scaled-250x309.jpg 250w, https:\/\/gallerymurciano.com\/wp-content\/uploads\/2024\/10\/portrait-Grace-Kelly-Prince-Rainier-scaled-700x864.jpg 700w, https:\/\/gallerymurciano.com\/wp-content\/uploads\/2024\/10\/portrait-Grace-Kelly-Prince-Rainier-243x300.jpg 243w, https:\/\/gallerymurciano.com\/wp-content\/uploads\/2024\/10\/portrait-Grace-Kelly-Prince-Rainier-830x1024.jpg 830w, https:\/\/gallerymurciano.com\/wp-content\/uploads\/2024\/10\/portrait-Grace-Kelly-Prince-Rainier-768x948.jpg 768w, https:\/\/gallerymurciano.com\/wp-content\/uploads\/2024\/10\/portrait-Grace-Kelly-Prince-Rainier-1000x1234.jpg 1000w\" data-sizes=\"(max-width: 972px) 100vw, 972px\" src=\"data:image\/svg+xml;base64,PHN2ZyB3aWR0aD0iMSIgaGVpZ2h0PSIxIiB4bWxucz0iaHR0cDovL3d3dy53My5vcmcvMjAwMC9zdmciPjwvc3ZnPg==\" style=\"--smush-placeholder-width: 972px; --smush-placeholder-aspect-ratio: 972\/1200;\" \/><\/div>\n\t\t<\/figure>\n\t<\/div>\n<\/div><\/div><\/div><\/div>\n<\/div>","protected":false},"excerpt":{"rendered":"Portrait Gr\u00e2ce Kelly et le Prince Rainier Remise d\u2019une \u0153uvre en gribouillisme de Gr\u00e2ce Kelly et du Prince Rainier \u00e0","protected":false},"author":1,"featured_media":73020,"comment_status":"closed","ping_status":"closed","sticky":false,"template":"","format":"standard","meta":{"_acf_changed":false,"footnotes":"","_members_access_role":[],"_members_access_error":""},"categories":[153],"tags":[],"class_list":["post-73018","post","type-post","status-publish","format-standard","has-post-thumbnail","hentry","category-actus"],"acf":[],"yoast_head":"<!-- This site is optimized with the Yoast SEO plugin v28.4 - https:\/\/yoast.com\/product\/yoast-seo-wordpress\/ -->\n<title>Gr\u00e2ce Kelly et le Prince Rainier -<\/title>\n<meta name=\"description\" content=\"Remise d\u2019une \u0153uvre en gribouillisme de Gr\u00e2ce Kelly et du Prince Rainier \u00e0 la princesse Caroline de Monaco - Murciano Officiel\" \/>\n<meta name=\"robots\" content=\"index, follow, max-snippet:-1, max-image-preview:large, max-video-preview:-1\" \/>\n<link rel=\"canonical\" href=\"https:\/\/gallerymurciano.com\/en\/grace-kelly-et-le-prince-rainier\/\" \/>\n<meta property=\"og:locale\" content=\"en_GB\" \/>\n<meta property=\"og:type\" content=\"article\" \/>\n<meta property=\"og:title\" content=\"Gr\u00e2ce Kelly et le Prince Rainier -\" \/>\n<meta property=\"og:description\" content=\"Remise d\u2019une \u0153uvre en gribouillisme de Gr\u00e2ce Kelly et du Prince Rainier \u00e0 la princesse Caroline de Monaco - Murciano Officiel\" \/>\n<meta property=\"og:url\" content=\"https:\/\/gallerymurciano.com\/en\/grace-kelly-et-le-prince-rainier\/\" \/>\n<meta property=\"og:site_name\" content=\"Galerie d\u2019Art Murciano - Montpellier\" \/>\n<meta property=\"article:published_time\" content=\"2024-10-07T09:27:11+00:00\" \/>\n<meta property=\"article:modified_time\" content=\"2024-10-07T09:28:21+00:00\" \/>\n<meta property=\"og:image\" content=\"https:\/\/gallerymurciano.com\/wp-content\/uploads\/2024\/10\/Grace-Kelly-et-du-Prince-Rainier-scaled.jpg\" \/>\n\t<meta property=\"og:image:width\" content=\"1200\" \/>\n\t<meta property=\"og:image:height\" content=\"1038\" \/>\n\t<meta property=\"og:image:type\" content=\"image\/jpeg\" \/>\n<meta name=\"author\" content=\"David\" \/>\n<meta name=\"twitter:card\" content=\"summary_large_image\" \/>\n<meta name=\"twitter:label1\" content=\"Written by\" \/>\n\t<meta name=\"twitter:data1\" content=\"David\" \/>\n\t<meta name=\"twitter:label2\" content=\"Estimated reading time\" \/>\n\t<meta name=\"twitter:data2\" content=\"1 minute\" \/>\n<script type=\"application\/ld+json\" class=\"yoast-schema-graph\">{\"@context\":\"https:\\\/\\\/schema.org\",\"@graph\":[{\"@type\":\"Article\",\"@id\":\"https:\\\/\\\/gallerymurciano.com\\\/grace-kelly-et-le-prince-rainier\\\/#article\",\"isPartOf\":{\"@id\":\"https:\\\/\\\/gallerymurciano.com\\\/grace-kelly-et-le-prince-rainier\\\/\"},\"author\":{\"name\":\"David\",\"@id\":\"https:\\\/\\\/gallerymurciano.com\\\/#\\\/schema\\\/person\\\/ed9bc4813dc5ffdf31d29baceaec772e\"},\"headline\":\"Gr\u00e2ce Kelly et le Prince Rainier\",\"datePublished\":\"2024-10-07T09:27:11+00:00\",\"dateModified\":\"2024-10-07T09:28:21+00:00\",\"mainEntityOfPage\":{\"@id\":\"https:\\\/\\\/gallerymurciano.com\\\/grace-kelly-et-le-prince-rainier\\\/\"},\"wordCount\":94,\"publisher\":{\"@id\":\"https:\\\/\\\/gallerymurciano.com\\\/#organization\"},\"image\":{\"@id\":\"https:\\\/\\\/gallerymurciano.com\\\/grace-kelly-et-le-prince-rainier\\\/#primaryimage\"},\"thumbnailUrl\":\"https:\\\/\\\/gallerymurciano.com\\\/wp-content\\\/uploads\\\/2024\\\/10\\\/Grace-Kelly-et-du-Prince-Rainier-scaled.jpg\",\"articleSection\":[\"Actus\"],\"inLanguage\":\"en-GB\"},{\"@type\":\"WebPage\",\"@id\":\"https:\\\/\\\/gallerymurciano.com\\\/grace-kelly-et-le-prince-rainier\\\/\",\"url\":\"https:\\\/\\\/gallerymurciano.com\\\/grace-kelly-et-le-prince-rainier\\\/\",\"name\":\"Gr\u00e2ce Kelly et le Prince Rainier -\",\"isPartOf\":{\"@id\":\"https:\\\/\\\/gallerymurciano.com\\\/#website\"},\"primaryImageOfPage\":{\"@id\":\"https:\\\/\\\/gallerymurciano.com\\\/grace-kelly-et-le-prince-rainier\\\/#primaryimage\"},\"image\":{\"@id\":\"https:\\\/\\\/gallerymurciano.com\\\/grace-kelly-et-le-prince-rainier\\\/#primaryimage\"},\"thumbnailUrl\":\"https:\\\/\\\/gallerymurciano.com\\\/wp-content\\\/uploads\\\/2024\\\/10\\\/Grace-Kelly-et-du-Prince-Rainier-scaled.jpg\",\"datePublished\":\"2024-10-07T09:27:11+00:00\",\"dateModified\":\"2024-10-07T09:28:21+00:00\",\"description\":\"Remise d\u2019une \u0153uvre en gribouillisme de Gr\u00e2ce Kelly et du Prince Rainier \u00e0 la princesse Caroline de Monaco - Murciano Officiel\",\"breadcrumb\":{\"@id\":\"https:\\\/\\\/gallerymurciano.com\\\/grace-kelly-et-le-prince-rainier\\\/#breadcrumb\"},\"inLanguage\":\"en-GB\",\"potentialAction\":[{\"@type\":\"ReadAction\",\"target\":[\"https:\\\/\\\/gallerymurciano.com\\\/grace-kelly-et-le-prince-rainier\\\/\"]}]},{\"@type\":\"ImageObject\",\"inLanguage\":\"en-GB\",\"@id\":\"https:\\\/\\\/gallerymurciano.com\\\/grace-kelly-et-le-prince-rainier\\\/#primaryimage\",\"url\":\"https:\\\/\\\/gallerymurciano.com\\\/wp-content\\\/uploads\\\/2024\\\/10\\\/Grace-Kelly-et-du-Prince-Rainier-scaled.jpg\",\"contentUrl\":\"https:\\\/\\\/gallerymurciano.com\\\/wp-content\\\/uploads\\\/2024\\\/10\\\/Grace-Kelly-et-du-Prince-Rainier-scaled.jpg\",\"width\":1200,\"height\":1038},{\"@type\":\"BreadcrumbList\",\"@id\":\"https:\\\/\\\/gallerymurciano.com\\\/grace-kelly-et-le-prince-rainier\\\/#breadcrumb\",\"itemListElement\":[{\"@type\":\"ListItem\",\"position\":1,\"name\":\"Accueil\",\"item\":\"https:\\\/\\\/gallerymurciano.com\\\/\"},{\"@type\":\"ListItem\",\"position\":2,\"name\":\"Gr\u00e2ce Kelly et le Prince Rainier\"}]},{\"@type\":\"WebSite\",\"@id\":\"https:\\\/\\\/gallerymurciano.com\\\/#website\",\"url\":\"https:\\\/\\\/gallerymurciano.com\\\/\",\"name\":\"Galerie d\u2019Art Murciano - Montpellier\",\"description\":\"Oeuvres d&#039;art et tableaux pop culture\",\"publisher\":{\"@id\":\"https:\\\/\\\/gallerymurciano.com\\\/#organization\"},\"potentialAction\":[{\"@type\":\"SearchAction\",\"target\":{\"@type\":\"EntryPoint\",\"urlTemplate\":\"https:\\\/\\\/gallerymurciano.com\\\/?s={search_term_string}\"},\"query-input\":{\"@type\":\"PropertyValueSpecification\",\"valueRequired\":true,\"valueName\":\"search_term_string\"}}],\"inLanguage\":\"en-GB\"},{\"@type\":\"Organization\",\"@id\":\"https:\\\/\\\/gallerymurciano.com\\\/#organization\",\"name\":\"PATRICE MURCIANO\",\"url\":\"https:\\\/\\\/gallerymurciano.com\\\/\",\"logo\":{\"@type\":\"ImageObject\",\"inLanguage\":\"en-GB\",\"@id\":\"https:\\\/\\\/gallerymurciano.com\\\/#\\\/schema\\\/logo\\\/image\\\/\",\"url\":\"https:\\\/\\\/gallerymurciano.com\\\/wp-content\\\/uploads\\\/2026\\\/09\\\/logo-murciano-carre-google.png\",\"contentUrl\":\"https:\\\/\\\/gallerymurciano.com\\\/wp-content\\\/uploads\\\/2026\\\/09\\\/logo-murciano-carre-google.png\",\"width\":1000,\"height\":1000,\"caption\":\"PATRICE MURCIANO\"},\"image\":{\"@id\":\"https:\\\/\\\/gallerymurciano.com\\\/#\\\/schema\\\/logo\\\/image\\\/\"}},{\"@type\":\"Person\",\"@id\":\"https:\\\/\\\/gallerymurciano.com\\\/#\\\/schema\\\/person\\\/ed9bc4813dc5ffdf31d29baceaec772e\",\"name\":\"David\",\"image\":{\"@type\":\"ImageObject\",\"inLanguage\":\"en-GB\",\"@id\":\"https:\\\/\\\/secure.gravatar.com\\\/avatar\\\/09e6a9d5dbebdd86a3927e27853055dec3329eb99493b4ba5859847e899104b5?s=96&d=mm&r=g\",\"url\":\"https:\\\/\\\/secure.gravatar.com\\\/avatar\\\/09e6a9d5dbebdd86a3927e27853055dec3329eb99493b4ba5859847e899104b5?s=96&d=mm&r=g\",\"contentUrl\":\"https:\\\/\\\/secure.gravatar.com\\\/avatar\\\/09e6a9d5dbebdd86a3927e27853055dec3329eb99493b4ba5859847e899104b5?s=96&d=mm&r=g\",\"caption\":\"David\"},\"sameAs\":[\"http:\\\/\\\/gallerymurciano.com\"],\"url\":\"https:\\\/\\\/gallerymurciano.com\\\/en\"}]}<\/script>\n<!-- \/ Yoast SEO plugin. -->","yoast_head_json":{"title":"Gr\u00e2ce Kelly et le Prince Rainier -","description":"Remise d\u2019une \u0153uvre en gribouillisme de Gr\u00e2ce Kelly et du Prince Rainier \u00e0 la princesse Caroline de Monaco - Murciano Officiel","robots":{"index":"index","follow":"follow","max-snippet":"max-snippet:-1","max-image-preview":"max-image-preview:large","max-video-preview":"max-video-preview:-1"},"canonical":"https:\/\/gallerymurciano.com\/en\/grace-kelly-et-le-prince-rainier\/","og_locale":"en_GB","og_type":"article","og_title":"Gr\u00e2ce Kelly et le Prince Rainier -","og_description":"Remise d\u2019une \u0153uvre en gribouillisme de Gr\u00e2ce Kelly et du Prince Rainier \u00e0 la princesse Caroline de Monaco - Murciano Officiel","og_url":"https:\/\/gallerymurciano.com\/en\/grace-kelly-et-le-prince-rainier\/","og_site_name":"Galerie d\u2019Art Murciano - Montpellier","article_published_time":"2024-10-07T09:27:11+00:00","article_modified_time":"2024-10-07T09:28:21+00:00","og_image":[{"width":1200,"height":1038,"url":"https:\/\/gallerymurciano.com\/wp-content\/uploads\/2024\/10\/Grace-Kelly-et-du-Prince-Rainier-scaled.jpg","type":"image\/jpeg"}],"author":"David","twitter_card":"summary_large_image","twitter_misc":{"Written by":"David","Estimated reading time":"1 minute"},"schema":{"@context":"https:\/\/schema.org","@graph":[{"@type":"Article","@id":"https:\/\/gallerymurciano.com\/grace-kelly-et-le-prince-rainier\/#article","isPartOf":{"@id":"https:\/\/gallerymurciano.com\/grace-kelly-et-le-prince-rainier\/"},"author":{"name":"David","@id":"https:\/\/gallerymurciano.com\/#\/schema\/person\/ed9bc4813dc5ffdf31d29baceaec772e"},"headline":"Gr\u00e2ce Kelly et le Prince Rainier","datePublished":"2024-10-07T09:27:11+00:00","dateModified":"2024-10-07T09:28:21+00:00","mainEntityOfPage":{"@id":"https:\/\/gallerymurciano.com\/grace-kelly-et-le-prince-rainier\/"},"wordCount":94,"publisher":{"@id":"https:\/\/gallerymurciano.com\/#organization"},"image":{"@id":"https:\/\/gallerymurciano.com\/grace-kelly-et-le-prince-rainier\/#primaryimage"},"thumbnailUrl":"https:\/\/gallerymurciano.com\/wp-content\/uploads\/2024\/10\/Grace-Kelly-et-du-Prince-Rainier-scaled.jpg","articleSection":["Actus"],"inLanguage":"en-GB"},{"@type":"WebPage","@id":"https:\/\/gallerymurciano.com\/grace-kelly-et-le-prince-rainier\/","url":"https:\/\/gallerymurciano.com\/grace-kelly-et-le-prince-rainier\/","name":"Gr\u00e2ce Kelly et le Prince Rainier -","isPartOf":{"@id":"https:\/\/gallerymurciano.com\/#website"},"primaryImageOfPage":{"@id":"https:\/\/gallerymurciano.com\/grace-kelly-et-le-prince-rainier\/#primaryimage"},"image":{"@id":"https:\/\/gallerymurciano.com\/grace-kelly-et-le-prince-rainier\/#primaryimage"},"thumbnailUrl":"https:\/\/gallerymurciano.com\/wp-content\/uploads\/2024\/10\/Grace-Kelly-et-du-Prince-Rainier-scaled.jpg","datePublished":"2024-10-07T09:27:11+00:00","dateModified":"2024-10-07T09:28:21+00:00","description":"Remise d\u2019une \u0153uvre en gribouillisme de Gr\u00e2ce Kelly et du Prince Rainier \u00e0 la princesse Caroline de Monaco - Murciano Officiel","breadcrumb":{"@id":"https:\/\/gallerymurciano.com\/grace-kelly-et-le-prince-rainier\/#breadcrumb"},"inLanguage":"en-GB","potentialAction":[{"@type":"ReadAction","target":["https:\/\/gallerymurciano.com\/grace-kelly-et-le-prince-rainier\/"]}]},{"@type":"ImageObject","inLanguage":"en-GB","@id":"https:\/\/gallerymurciano.com\/grace-kelly-et-le-prince-rainier\/#primaryimage","url":"https:\/\/gallerymurciano.com\/wp-content\/uploads\/2024\/10\/Grace-Kelly-et-du-Prince-Rainier-scaled.jpg","contentUrl":"https:\/\/gallerymurciano.com\/wp-content\/uploads\/2024\/10\/Grace-Kelly-et-du-Prince-Rainier-scaled.jpg","width":1200,"height":1038},{"@type":"BreadcrumbList","@id":"https:\/\/gallerymurciano.com\/grace-kelly-et-le-prince-rainier\/#breadcrumb","itemListElement":[{"@type":"ListItem","position":1,"name":"Accueil","item":"https:\/\/gallerymurciano.com\/"},{"@type":"ListItem","position":2,"name":"Gr\u00e2ce Kelly et le Prince Rainier"}]},{"@type":"WebSite","@id":"https:\/\/gallerymurciano.com\/#website","url":"https:\/\/gallerymurciano.com\/","name":"Galerie d\u2019Art Murciano - Montpellier","description":"Oeuvres d&#039;art et tableaux pop culture","publisher":{"@id":"https:\/\/gallerymurciano.com\/#organization"},"potentialAction":[{"@type":"SearchAction","target":{"@type":"EntryPoint","urlTemplate":"https:\/\/gallerymurciano.com\/?s={search_term_string}"},"query-input":{"@type":"PropertyValueSpecification","valueRequired":true,"valueName":"search_term_string"}}],"inLanguage":"en-GB"},{"@type":"Organization","@id":"https:\/\/gallerymurciano.com\/#organization","name":"PATRICE MURCIANO","url":"https:\/\/gallerymurciano.com\/","logo":{"@type":"ImageObject","inLanguage":"en-GB","@id":"https:\/\/gallerymurciano.com\/#\/schema\/logo\/image\/","url":"https:\/\/gallerymurciano.com\/wp-content\/uploads\/2026\/09\/logo-murciano-carre-google.png","contentUrl":"https:\/\/gallerymurciano.com\/wp-content\/uploads\/2026\/09\/logo-murciano-carre-google.png","width":1000,"height":1000,"caption":"PATRICE MURCIANO"},"image":{"@id":"https:\/\/gallerymurciano.com\/#\/schema\/logo\/image\/"}},{"@type":"Person","@id":"https:\/\/gallerymurciano.com\/#\/schema\/person\/ed9bc4813dc5ffdf31d29baceaec772e","name":"David","image":{"@type":"ImageObject","inLanguage":"en-GB","@id":"https:\/\/secure.gravatar.com\/avatar\/09e6a9d5dbebdd86a3927e27853055dec3329eb99493b4ba5859847e899104b5?s=96&d=mm&r=g","url":"https:\/\/secure.gravatar.com\/avatar\/09e6a9d5dbebdd86a3927e27853055dec3329eb99493b4ba5859847e899104b5?s=96&d=mm&r=g","contentUrl":"https:\/\/secure.gravatar.com\/avatar\/09e6a9d5dbebdd86a3927e27853055dec3329eb99493b4ba5859847e899104b5?s=96&d=mm&r=g","caption":"David"},"sameAs":["https:\/\/gallerymurciano.com"],"url":"https:\/\/gallerymurciano.com\/en"}]}},"_links":{"self":[{"href":"https:\/\/gallerymurciano.com\/en\/wp-json\/wp\/v2\/posts\/73018","targetHints":{"allow":["GET"]}}],"collection":[{"href":"https:\/\/gallerymurciano.com\/en\/wp-json\/wp\/v2\/posts"}],"about":[{"href":"https:\/\/gallerymurciano.com\/en\/wp-json\/wp\/v2\/types\/post"}],"author":[{"embeddable":true,"href":"https:\/\/gallerymurciano.com\/en\/wp-json\/wp\/v2\/users\/1"}],"replies":[{"embeddable":true,"href":"https:\/\/gallerymurciano.com\/en\/wp-json\/wp\/v2\/comments?post=73018"}],"version-history":[{"count":0,"href":"https:\/\/gallerymurciano.com\/en\/wp-json\/wp\/v2\/posts\/73018\/revisions"}],"wp:featuredmedia":[{"embeddable":true,"href":"https:\/\/gallerymurciano.com\/en\/wp-json\/wp\/v2\/media\/73020"}],"wp:attachment":[{"href":"https:\/\/gallerymurciano.com\/en\/wp-json\/wp\/v2\/media?parent=73018"}],"wp:term":[{"taxonomy":"category","embeddable":true,"href":"https:\/\/gallerymurciano.com\/en\/wp-json\/wp\/v2\/categories?post=73018"},{"taxonomy":"post_tag","embeddable":true,"href":"https:\/\/gallerymurciano.com\/en\/wp-json\/wp\/v2\/tags?post=73018"}],"curies":[{"name":"wp","href":"https:\/\/api.w.org\/{rel}","templated":true}]}}